{"id":779,"date":"2012-04-16T10:19:51","date_gmt":"2012-04-16T09:19:51","guid":{"rendered":"http:\/\/xn--bykadada-65ab.biz\/?p=779"},"modified":"2014-03-29T18:18:05","modified_gmt":"2014-03-29T17:18:05","slug":"zaman-tuneli","status":"publish","type":"post","link":"https:\/\/xn--bykadada-65ab.biz\/?p=779","title":{"rendered":"Zaman T\u00fcneli"},"content":{"rendered":"<p style=\"text-align: justify;\"><strong>Hat\u0131rlad\u0131k\u00e7a kederleniriz, g\u00fcl\u00fcmseriz ; \u201cK\u0131rk y\u0131l ge\u00e7mi\u015f aradan ayr\u0131 ,ayr\u0131 bitsin art\u0131k bulu\u015fal\u0131m deriz\u2026<\/strong>\u201d<a href=\"http:\/\/xn--zkartal-80a.com\/wp-content\/uploads\/2012\/04\/Filmim.swf\"><img decoding=\"async\" loading=\"lazy\" class=\"alignleft  wp-image-281\" title=\"vapur.jpg\" alt=\"\" src=\"http:\/\/xn--bykadada-65ab.biz\/wp-content\/uploads\/2011\/12\/vapur-300x105.jpg\" width=\"210\" height=\"74\" srcset=\"https:\/\/xn--bykadada-65ab.biz\/wp-content\/uploads\/2011\/12\/vapur-300x105.jpg 300w, https:\/\/xn--bykadada-65ab.biz\/wp-content\/uploads\/2011\/12\/vapur-500x176.jpg 500w, https:\/\/xn--bykadada-65ab.biz\/wp-content\/uploads\/2011\/12\/vapur.jpg 1024w\" sizes=\"(max-width: 210px) 100vw, 210px\" \/><\/a> Umudun s\u00f6nmedi\u011fi ama t\u00fckenme noktas\u0131nda olur insan dinledi\u011fimiz \u015fark\u0131lar\u0131\u00a0 dinlerken\u2026\u201cK\u0131rk y\u0131l ge\u00e7ti\u2026\u201d Dile kolay k\u0131rk y\u0131l ge\u00e7mi\u015f aradan, kimi zaman ya\u015fam\u0131n me\u015fakkati, kimi zaman mesafelermiydi bizleri ay\u0131ran. Asl\u0131nda hi\u00e7 biri de\u011fildi, biz ba\u015ftan kaybetmi\u015ftik birbirimizi. O kadar gen\u00e7 ve masumduk&#8217;ki, kaderin oynad\u0131\u011f\u0131 oyunun fark\u0131nda bile de\u011fildik. Kendimize geldi\u011fimizde ise \u00e7oktan yitirmi\u015ftik birbirimizi. K\u0131rk y\u0131l sonra bulu\u015furken y\u00fcrekler\u00a0 hala ayn\u0131 heyecan\u0131 ta\u015f\u0131yordu. Y\u00fcrekler ac\u0131 ile da\u011flansa da umut insanda oldu\u011funu bizlere g\u00f6steren b\u00fcy\u00fck bir \u00f6zveri hik\u00e2yesiydi bu.<a href=\"http:\/\/xn--bykadada-65ab.biz\/wp-content\/uploads\/2012\/04\/DSCF1524.jpg\"><img decoding=\"async\" loading=\"lazy\" class=\"alignright  wp-image-795\" title=\"DSCF1524\" alt=\"\" src=\"http:\/\/xn--bykadada-65ab.biz\/wp-content\/uploads\/2012\/04\/DSCF1524-300x225.jpg\" width=\"240\" height=\"180\" srcset=\"https:\/\/xn--bykadada-65ab.biz\/wp-content\/uploads\/2012\/04\/DSCF1524-300x225.jpg 300w, https:\/\/xn--bykadada-65ab.biz\/wp-content\/uploads\/2012\/04\/DSCF1524-399x300.jpg 399w, https:\/\/xn--bykadada-65ab.biz\/wp-content\/uploads\/2012\/04\/DSCF1524.jpg 850w\" sizes=\"(max-width: 240px) 100vw, 240px\" \/><\/a><\/p>\n<p style=\"text-align: justify;\">Yola \u00e7\u0131kt\u0131\u011f\u0131mda k\u0131rk y\u0131l g\u00f6rmedi\u011fim kaybetti\u011fim can dostuma bir an \u00f6nce kavu\u015fabilmek, g\u00f6zlerinin i\u00e7ine bakabilmek duygusu kaplam\u0131\u015ft\u0131 y\u00fcre\u011fimi. Dinlenmek mola vermek gibi hayti gereksimleri bile unutmu\u015f sadece yola konsantre olmu\u015ftum.<\/p>\n<p style=\"text-align: justify;\">Globalle\u015fen d\u00fcnyam\u0131zda iyi diyebilece\u011fim tek \u015feyin: izlerini bir \u015fekilde kaybetti\u011fim <!--more-->arkada\u015flar\u0131m\u0131 bulmak olmu\u015ftu. Beynimin bir k\u00f6\u015fesinde hapsetti\u011fim an\u0131lar yava\u015f yava\u015f\u00a0 resme d\u00f6n\u00fc\u015f\u00fcyordu g\u00f6zlerimin \u00f6n\u00fcnde. <a href=\"http:\/\/xn--bykadada-65ab.biz\/wp-content\/uploads\/2012\/04\/523114_10150727243318168_n.jpg\"><img decoding=\"async\" loading=\"lazy\" class=\"alignleft  wp-image-800\" title=\"523114_10150727243318168_n\" alt=\"\" src=\"http:\/\/xn--bykadada-65ab.biz\/wp-content\/uploads\/2012\/04\/523114_10150727243318168_n-300x225.jpg\" width=\"270\" height=\"203\" srcset=\"https:\/\/xn--bykadada-65ab.biz\/wp-content\/uploads\/2012\/04\/523114_10150727243318168_n-300x225.jpg 300w, https:\/\/xn--bykadada-65ab.biz\/wp-content\/uploads\/2012\/04\/523114_10150727243318168_n-399x300.jpg 399w, https:\/\/xn--bykadada-65ab.biz\/wp-content\/uploads\/2012\/04\/523114_10150727243318168_n.jpg 750w\" sizes=\"(max-width: 270px) 100vw, 270px\" \/><\/a>Kalan \u00f6mr\u00fcm\u00fc nas\u0131l ge\u00e7irmem konusunda bir karar verememi\u015fken ya\u015fam \u00e7izgimde bana mutluluk vermi\u015f ne varsa aray\u0131p bulmal\u0131yd\u0131m. Bir \u015fekilde\u00a0 y\u00fczle\u015fmeliydim ge\u00e7mi\u015fimle. An\u0131lar, dostluklar, Arada\u015fl\u0131klar bir \u015fekilde serbest b\u0131rak\u0131lmal\u0131yd\u0131 hapsedildikleri h\u00fccreden. Ne kadar da \u00e7ok \u015fey b\u0131rakm\u0131\u015f\u0131m me\u011ferse arkamda demeden. 2009 da ba\u015flayan 2010 ve 2011 de devam eden Can arkada\u015f\u0131m\u0131z \u00a0Erkan G\u00fcrp\u0131nar\u2018\u0131n ak\u0131l ederek\u00a0 ( Face Book\u2019da ) 1960 l\u0131 y\u0131llarda B\u00fcy\u00fckada\u2019da ya\u015fam\u0131\u015f \u015fansl\u0131lar sayfas\u0131 ile ba\u015flad\u0131 her \u015fey. Her ge\u00e7en g\u00fcn arkada\u015flar\u0131m\u0131zla \u00f6zde\u015fen an\u0131lar\u0131m\u0131z \u00a0birer birer serbest kal\u0131yordu hapis edildikleri h\u00fccrelerden. Ne kadar ge\u00e7 kalm\u0131\u015ft\u0131k payla\u015facak o kadar \u00e7ok ortak an\u0131m\u0131z varken.<a href=\"http:\/\/xn--bykadada-65ab.biz\/wp-content\/uploads\/2012\/04\/544859_10150727269608168_n.jpg\"><img decoding=\"async\" loading=\"lazy\" class=\"alignright  wp-image-801\" title=\"544859_10150727269608168_n\" alt=\"\" src=\"http:\/\/xn--bykadada-65ab.biz\/wp-content\/uploads\/2012\/04\/544859_10150727269608168_n-300x225.jpg\" width=\"270\" height=\"203\" srcset=\"https:\/\/xn--bykadada-65ab.biz\/wp-content\/uploads\/2012\/04\/544859_10150727269608168_n-300x225.jpg 300w, https:\/\/xn--bykadada-65ab.biz\/wp-content\/uploads\/2012\/04\/544859_10150727269608168_n-399x300.jpg 399w, https:\/\/xn--bykadada-65ab.biz\/wp-content\/uploads\/2012\/04\/544859_10150727269608168_n.jpg 750w\" sizes=\"(max-width: 270px) 100vw, 270px\" \/><\/a><\/p>\n<p style=\"text-align: justify;\">14 Nisan 2012 B\u00fcy\u00fck ada 40 y\u0131l sonra ger\u00e7ekle\u015fen bu bulu\u015fma ile \u00e7oktan \u00a0ait oldu\u011fu tarihteki yerini alm\u0131\u015ft\u0131. Ne olursa olsun bizlere d\u00fc\u015fense bu vefay\u0131 sizlerle bulu\u015fturmakt\u0131. En sonunda karar verebilmi\u015ftik bir araya gelebilmeye&#8230; \u201cUmut \u0130nsanda\u201d de\u011filmiydi?! Y\u0131llar sonras\u0131n\u0131 d\u00fc\u015f\u00fcnerek bu yaz\u0131y\u0131 kaleme al\u0131rken akl\u0131mda bir tek \u015fey vard\u0131: An\u0131lar, dostluklar, Arada\u015fl\u0131klar bir \u015fekilde serbest kalm\u0131\u015flard\u0131 hapsedildikleri karanl\u0131k h\u00fccreden.<\/p>\n<p style=\"text-align: justify;\">Kimisi foto\u011fraf \u00e7ekme derdinde, kimisi ge\u00e7mi\u015fi, anne ve babas\u0131na g\u00f6t\u00fcrme derdinde, sa\u00e7lardaki ak, y\u00fczlerdeki k\u0131r\u0131\u015f\u0131kl\u0131klar, belkide ya\u015fam\u0131n insan omuzlar\u0131na y\u00fckledi\u011fi sorumluluklar. Fakat kimsenin hayal edemedi\u011fi bir \u015fey vard\u0131. 40 y\u0131l sonra o Arkada\u015flar bulu\u015facak ve hasret gidereceklerdi. De\u011fi\u015fmeyen g\u00f6zledeki p\u0131r\u0131lt\u0131 sanki 60 l\u0131 y\u0131llardaki gibi.<\/p>\n<p style=\"text-align: justify;\">Y\u0131llar\u0131n hasreti giderildikten sonra olmazsa olmaz an\u0131lara ge\u00e7iliyor! Ve herkes an\u0131lar\u0131n\u0131 anlatmaya ba\u015fl\u0131yor! Ama ne an\u0131lar! Y\u0131llar sonra gelen itiraflar, y\u0131llar sonra gelen \u00f6zlemler. K\u0131rk y\u0131l sonra ak\u0131llarda kalmayan an\u0131lar tazelenirken, hayat\u0131m\u0131za y\u00f6n verenleri ve \u00e7ocuksu \u00a0a\u015fklar\u0131m\u0131z\u0131 anlatmadan ge\u00e7emezdik tabi K\u0131rk y\u0131l sonra eski dostlar bulu\u015ftu\u011funda, acaba ka\u00e7\u0131m\u0131z \u0130lk Okul ve orta Okul\u00a0 \u00a0arkada\u015flar\u0131m\u0131z\u0131n \u00a0numaras\u0131na kadar hat\u0131rlayabiliyoruz? Dahas\u0131 birbirimizle g\u00f6r\u00fc\u015fmeyeli ne kadar s\u00fcre oldu. Bu vefal\u0131 bulu\u015fmadan herkes bir ders \u00e7\u0131kara dursun, \u0130lk Okulumuz yok art\u0131k nerdeyse y\u0131l\u0131kmaya terk edilmi\u015f.\u00a0 Orta okulumuzda yeller esiyor.<\/p>\n<p style=\"text-align: justify;\"><a href=\"http:\/\/xn--bykadada-65ab.biz\/wp-content\/uploads\/2012\/04\/480220_10151131706208168_840771506_n.jpg\"><img decoding=\"async\" loading=\"lazy\" class=\"alignleft size-medium wp-image-826\" title=\"480220_10151131706208168_840771506_n\" alt=\"\" src=\"http:\/\/xn--bykadada-65ab.biz\/wp-content\/uploads\/2012\/04\/480220_10151131706208168_840771506_n-300x225.jpg\" width=\"300\" height=\"225\" srcset=\"https:\/\/xn--bykadada-65ab.biz\/wp-content\/uploads\/2012\/04\/480220_10151131706208168_840771506_n-300x225.jpg 300w, https:\/\/xn--bykadada-65ab.biz\/wp-content\/uploads\/2012\/04\/480220_10151131706208168_840771506_n-400x300.jpg 400w, https:\/\/xn--bykadada-65ab.biz\/wp-content\/uploads\/2012\/04\/480220_10151131706208168_840771506_n.jpg 960w\" sizes=\"(max-width: 300px) 100vw, 300px\" \/><\/a>Her ne kadar y\u00fcrekleri iki eksi\u011fin verdi\u011fi \u00fcz\u00fcnt\u00fc ile \u00a0ile da\u011flansa da her \u015feye ra\u011fmen umut insanda oldu\u011funu g\u00f6steren en g\u00fczel duygu de\u011filmi. Ne mutlu ki bizlere b\u00f6yle bulunmaz e\u015fsiz bir bulu\u015fmay\u0131 ger\u00e7ekle\u015ftirdik.Bizleri yeti\u015ftiren hocalar\u0131m\u0131z Vijdan, Behice, \u0130ffet, vb. \u00d6\u011fretmenlerimize, efsane m\u00fcd\u00fcr\u00fcm\u00fcz \u00a0say\u0131n S\u00fcleyman Nuri \u00d6z\u2019e \u00a0b\u00f6yle \u015fansl\u0131 bir ku\u015fa\u011f\u0131n \u00f6nderleri olduklar\u0131ndan dolay\u0131 ne kadar te\u015f\u015fek\u00fcr etsek azd\u0131r. Elbette ki ne mutlu Erkan ve Engin G\u00fcrp\u0131nar, Nur Baysal, Her nekadar Sa\u011fl\u0131k sorunu nedeni ile aram\u0131za kat\u0131lamayan Sabi Menda, Ahmet Toru\u015f, Metin Sali ve t\u00fcm gayretlerini esirgemeyen arkada\u015flar\u0131m\u0131za k\u0131rk y\u0131l ge\u00e7mesine ra\u011fmen bu bu g\u00fczel g\u00fcn\u00fc ya\u015fayabilmemiz i\u00e7in canla ba\u015fla \u00e7al\u0131\u015fmalar\u0131na ve bu e\u015fsiz bulu\u015fmada bulu\u015fma g\u00fcn\u00fcn\u00fcn tesad\u00fcfen de olsa \u00a0benim do\u011fum g\u00fcn\u00fcme denk gelmesine, bu g\u00fczel g\u00fcn\u00fcn an\u0131 da\u011farc\u0131\u011f\u0131m\u0131zda \u00f6zel bir yer edinmesine katk\u0131da bulunmu\u015f Luna Parkta bir araya gelebilmi\u015f t\u00fcm arkada\u015f ve dostlar\u0131m\u0131za\u00a0 kucak dolusu sevgiler.<\/p>\n<p style=\"text-align: justify;\">Zaman t\u00fcneli denen \u015fey bu olsa gerek.<\/p>\n<p style=\"text-align: justify;\">\u00a0M.Tevfik<\/p>\n","protected":false},"excerpt":{"rendered":"<p>Hat\u0131rlad\u0131k\u00e7a kederleniriz, g\u00fcl\u00fcmseriz ; \u201cK\u0131rk y\u0131l ge\u00e7mi\u015f aradan ayr\u0131 ,ayr\u0131 bitsin art\u0131k bulu\u015fal\u0131m deriz\u2026\u201d Umudun s\u00f6nmedi\u011fi ama t\u00fckenme noktas\u0131nda olur insan dinledi\u011fimiz \u015fark\u0131lar\u0131\u00a0 dinlerken\u2026\u201cK\u0131rk y\u0131l ge\u00e7ti\u2026\u201d Dile kolay k\u0131rk y\u0131l ge\u00e7mi\u015f aradan, kimi zaman ya\u015fam\u0131n me\u015fakkati, kimi zaman mesafelermiydi bizleri &hellip; <a href=\"https:\/\/xn--bykadada-65ab.biz\/?p=779\">Okumaya devam et <span class=\"meta-nav\">&rarr;<\/span><\/a><\/p>\n","protected":false},"author":1,"featured_media":0,"comment_status":"open","ping_status":"closed","sticky":false,"template":"","format":"standard","meta":[],"categories":[28],"tags":[],"_links":{"self":[{"href":"https:\/\/xn--bykadada-65ab.biz\/index.php?rest_route=\/wp\/v2\/posts\/779"}],"collection":[{"href":"https:\/\/xn--bykadada-65ab.biz\/index.php?rest_route=\/wp\/v2\/posts"}],"about":[{"href":"https:\/\/xn--bykadada-65ab.biz\/index.php?rest_route=\/wp\/v2\/types\/post"}],"author":[{"embeddable":true,"href":"https:\/\/xn--bykadada-65ab.biz\/index.php?rest_route=\/wp\/v2\/users\/1"}],"replies":[{"embeddable":true,"href":"https:\/\/xn--bykadada-65ab.biz\/index.php?rest_route=%2Fwp%2Fv2%2Fcomments&post=779"}],"version-history":[{"count":19,"href":"https:\/\/xn--bykadada-65ab.biz\/index.php?rest_route=\/wp\/v2\/posts\/779\/revisions"}],"predecessor-version":[{"id":781,"href":"https:\/\/xn--bykadada-65ab.biz\/index.php?rest_route=\/wp\/v2\/posts\/779\/revisions\/781"}],"wp:attachment":[{"href":"https:\/\/xn--bykadada-65ab.biz\/index.php?rest_route=%2Fwp%2Fv2%2Fmedia&parent=779"}],"wp:term":[{"taxonomy":"category","embeddable":true,"href":"https:\/\/xn--bykadada-65ab.biz\/index.php?rest_route=%2Fwp%2Fv2%2Fcategories&post=779"},{"taxonomy":"post_tag","embeddable":true,"href":"https:\/\/xn--bykadada-65ab.biz\/index.php?rest_route=%2Fwp%2Fv2%2Ftags&post=779"}],"curies":[{"name":"wp","href":"https:\/\/api.w.org\/{rel}","templated":true}]}}