{"id":998,"date":"2014-12-26T07:40:26","date_gmt":"2014-12-26T06:40:26","guid":{"rendered":"http:\/\/xn--bykadada-65ab.biz\/?p=998"},"modified":"2015-07-23T00:45:17","modified_gmt":"2015-07-22T23:45:17","slug":"annemin-son-ucusu","status":"publish","type":"post","link":"http:\/\/xn--bykadada-65ab.biz\/?p=998","title":{"rendered":"Annemin son u\u00e7u\u015fu"},"content":{"rendered":"<p style=\"text-align: justify;\">20 Aral\u0131k 2014 TK 2565 20,30 Dalaman \u0130stanbul Annemin son u\u00e7u\u015fundaki u\u00e7u\u015f numaras\u0131 ve saati. Asl\u0131nda geriye d\u00f6n\u00fcp bakt\u0131\u011f\u0131mda Annem t\u00fcm ya\u015fam\u0131nda bu son u\u00e7u\u015funun d\u0131\u015f\u0131nda \u00fc\u00e7 kere u\u00e7akla seyahat etmi\u015fti. U\u00e7ak ile ilk yolculu\u011fu, \u0130stanbul N\u00fcrnberg \u0130stanbul\u2019du. \u0130kinci u\u00e7u\u015fu \u0130stanbul K\u0131br\u0131s \u0130stanbul \u00dc\u00e7\u00fcnc\u00fcs\u00fc \u0130stanbul Dalaman \u0130stanbul\u2019du. Ve kader Annemin bu son d\u00f6rd\u00fcnc\u00fc u\u00e7u\u015funda tek y\u00f6n Dalaman \u0130stanbul olarak u\u00e7mas\u0131 i\u00e7in \u00f6rm\u00fc\u015ft\u00fc a\u011flar\u0131n\u0131. Tabutunu \u0130stanbul THY kargo binas\u0131ndan teslim al\u0131p Karaca Ahmet mezarl\u0131\u011f\u0131n\u0131n morguna getirdi\u011fimde g\u00fcn pazara d\u00f6nm\u00fc\u015f saat 01,30 u g\u00f6steriyordu. Annemin na\u2019\u015f\u0131n\u0131 morga yerle\u015ftirebilmek i\u00e7in tabuttan \u00e7\u0131kartmam\u0131z gerekti. E\u011freti kapat\u0131lm\u0131\u015f tabutun kapa\u011f\u0131n\u0131 kald\u0131rd\u0131\u011f\u0131mda g\u00f6rd\u00fc\u011f\u00fcm manzara kendimi kaybetmeme yetti de art\u0131 bile \u2019\u2019EMPAT\u0130 Bak\u0131mevi ve Rehabilitasyon merkezi.\u2019\u2019<\/p>\n<div id=\"attachment_1002\" style=\"width: 594px\" class=\"wp-caption alignleft\"><a href=\"http:\/\/xn--bykadada-65ab.biz\/wp-content\/uploads\/2014\/12\/DSF8212.jpg\"><img aria-describedby=\"caption-attachment-1002\" decoding=\"async\" loading=\"lazy\" class=\"size-large wp-image-1002\" alt=\"EMPAT\u0130 \u00d6ZEL BAKIM EV\u0130\" src=\"http:\/\/xn--bykadada-65ab.biz\/wp-content\/uploads\/2014\/12\/DSF8212-1024x682.jpg\" width=\"584\" height=\"388\" srcset=\"http:\/\/xn--bykadada-65ab.biz\/wp-content\/uploads\/2014\/12\/DSF8212-1024x682.jpg 1024w, http:\/\/xn--bykadada-65ab.biz\/wp-content\/uploads\/2014\/12\/DSF8212-300x200.jpg 300w, http:\/\/xn--bykadada-65ab.biz\/wp-content\/uploads\/2014\/12\/DSF8212-450x300.jpg 450w\" sizes=\"(max-width: 584px) 100vw, 584px\" \/><\/a><p id=\"caption-attachment-1002\" class=\"wp-caption-text\"><strong>EMPAT\u0130 \u00d6ZEL BAKIM EV\u0130<\/strong><\/p><\/div>\n<p style=\"text-align: justify;\">Annemin \u00fczerindeki bluz ve aya\u011f\u0131ndaki pijamas\u0131n\u0131 g\u00f6r\u00fcr g\u00f6rmez 16.12.2014 tarihinden bu g\u00fcne kadar k\u0131yafetlerinin de\u011fi\u015ftirilmedi\u011finin fark\u0131na vard\u0131m. Annem Bak\u0131mevinde vefat ettikten sonra \u00fczerindeki k\u0131yafetleri hatta bezini bile \u00e7\u0131kartma gere\u011fini duymadan oldu\u011fu gibi hasta hanenin morguna ve daha sonra da kapa\u011f\u0131 bile kapanmayan bir tabuta koyarak \u0130stanbul\u2019a g\u00f6ndermi\u015flerdi.<!--more--><\/p>\n<p style=\"text-align: justify;\">\u00d6lm\u00fc\u015f\u00fcne sayg\u0131l\u0131 olmayan insan ya\u015fayan insana da sayg\u0131l\u0131 olamaz der Avrupal\u0131lar. Beklide gus\u00fclhanede y\u0131kanana kadar aileden Bir\u2019inin cenazeyi g\u00f6rebilece\u011fini d\u00fc\u015f\u00fcnmediler. \u0130smi Empati olan bu bak\u0131m evini i\u015fletenlere bu g\u00fcn basit bir tavsiyede bulunmal\u0131y\u0131m. L\u00fctfen benimle Empati yap\u0131n\u0131z yerimde olsayd\u0131n\u0131z ne yapard\u0131n\u0131z. 21.Kas\u0131m 2014 g\u00fcn\u00fc bak\u0131m evinize teslim etti\u011fim annemin bak\u0131ms\u0131zl\u0131ktan vefat etti\u011fine inanaca\u011f\u0131m neredeyse. Cenazesine bile sayg\u0131 g\u00f6sterememi\u015fken ya\u015fayan bir hastan\u0131za kim bilir nas\u0131l bakt\u0131n\u0131z ki 16 Aral\u0131kta ziyaret etti\u011fim annemin k\u0131yafetleri 21.12. tarihinde, Annemin Na\u015f\u0131\u2019n\u0131n \u00fczerindeki k\u0131yafetler ile bire bir ayn\u0131yd\u0131. \u00d6ylesine ayn\u0131yd\u0131 ki \u00f6pt\u00fc\u011f\u00fcm ellerinin duru\u015f \u015fekli bile 16 Aral\u0131kta nas\u0131l duruyorsa 21 Aral\u0131kta da ayn\u0131 duruyordu. Alt\u0131na sermi\u015f olduklar\u0131 \u00e7ar\u015faf\u0131n pisli\u011finden ise bahis etmeye utan\u0131yorum.<\/p>\n<div id=\"attachment_1001\" style=\"width: 594px\" class=\"wp-caption alignleft\"><a href=\"http:\/\/xn--bykadada-65ab.biz\/wp-content\/uploads\/2014\/12\/bana-kiz.jpg\"><img aria-describedby=\"caption-attachment-1001\" decoding=\"async\" loading=\"lazy\" class=\"size-large wp-image-1001\" alt=\"EMPATI BAKIM EV\u0130 SON RESIM\" src=\"http:\/\/xn--bykadada-65ab.biz\/wp-content\/uploads\/2014\/12\/bana-kiz-807x1024.jpg\" width=\"584\" height=\"741\" srcset=\"http:\/\/xn--bykadada-65ab.biz\/wp-content\/uploads\/2014\/12\/bana-kiz-807x1024.jpg 807w, http:\/\/xn--bykadada-65ab.biz\/wp-content\/uploads\/2014\/12\/bana-kiz-236x300.jpg 236w, http:\/\/xn--bykadada-65ab.biz\/wp-content\/uploads\/2014\/12\/bana-kiz.jpg 932w\" sizes=\"(max-width: 584px) 100vw, 584px\" \/><\/a><p id=\"caption-attachment-1001\" class=\"wp-caption-text\"><strong>EMPATI BAKIM EV\u0130 SON RESIM<\/strong><\/p><\/div>\n<p style=\"text-align: justify;\">Son ziyaretimde Annemin k\u00fcsk\u00fcn bak\u0131\u015flar\u0131n\u0131n ne anlam ifade etti\u011fini \u015fimdi daha iyi anlayabiliyorum.<\/p>\n<p style=\"text-align: justify;\">G\u00fcng\u00f6r A\u011fabeyim Anneme art\u0131k evde bak\u0131lamayaca\u011f\u0131n\u0131 Profesyonel bak\u0131ma ihtiyac\u0131 oldu\u011funu s\u00f6yledi\u011finde do\u011fru gibi gelmi\u015fti. Sonu\u00e7ta Avrupa\u2019da bu t\u00fcr bak\u0131m evlerinde ya\u015fl\u0131 insanlar \u00e7ok daha g\u00fczel daha iyi \u015fartlarda bak\u0131labiliyordu. A\u011fabeyimin Empati Bak\u0131m evi ve Rehabilitasyon merkezi hakk\u0131nda da \u00e7ok iyi \u015feylerden bahis etmesi b\u00f6yle bir karar vermemi kolayla\u015ft\u0131rm\u0131\u015ft\u0131.<\/p>\n<p style=\"text-align: justify;\">Sonu\u00e7ta A\u011fabeyimde annemin iyili\u011fini istiyordu. \u0130kimizinde g\u00f6zden ka\u00e7\u0131rd\u0131\u011f\u0131 k\u00fc\u00e7\u00fck bir detay; \u00dclkemizde Profesyonel hasta Bak\u0131c\u0131s\u0131\u2019n\u0131n olmad\u0131\u011f\u0131 ger\u00e7e\u011fi idi. Bir de buna sevgisizli\u011fi ilave edersek Annemin bize de\u011fil sadece ya\u015fama k\u00fcst\u00fc\u011f\u00fcn\u00fc \u015fimdi anlayabiliyorum. \u0130lk \u00fc\u00e7 hafta i\u00e7erisinde Telefonlar\u0131m\u0131za mutlu oldu\u011funa dair cevaplar veren Annem asl\u0131nda bizleri kand\u0131r\u0131yor, Babama kavu\u015fma arzusu ile yan\u0131p tutu\u015fuyor her t\u00fcrl\u00fc g\u0131da ve su al\u0131m\u0131na kar\u015f\u0131 \u00e7\u0131k\u0131yormu\u015f. Mahitap han\u0131m G\u00fczel anam huzur i\u00e7inde Ziya Bey\u2019ine kavu\u015ftun. Bundan sonraki ya\u015fam\u0131nda \u015fekerinden bir daha ayr\u0131lmaman i\u00e7in dua etmekten ba\u015fka bir \u015fey gelmiyor elimden.<\/p>\n<div id=\"attachment_1003\" style=\"width: 594px\" class=\"wp-caption alignleft\"><a href=\"http:\/\/xn--bykadada-65ab.biz\/wp-content\/uploads\/2014\/12\/DSCF4408.jpg\"><img aria-describedby=\"caption-attachment-1003\" decoding=\"async\" loading=\"lazy\" class=\"size-large wp-image-1003\" alt=\"BABAMA KAVU\u015eMASINA AZ KALDI\" src=\"http:\/\/xn--bykadada-65ab.biz\/wp-content\/uploads\/2014\/12\/DSCF4408-1024x768.jpg\" width=\"584\" height=\"438\" srcset=\"http:\/\/xn--bykadada-65ab.biz\/wp-content\/uploads\/2014\/12\/DSCF4408-1024x768.jpg 1024w, http:\/\/xn--bykadada-65ab.biz\/wp-content\/uploads\/2014\/12\/DSCF4408-300x225.jpg 300w, http:\/\/xn--bykadada-65ab.biz\/wp-content\/uploads\/2014\/12\/DSCF4408-400x300.jpg 400w\" sizes=\"(max-width: 584px) 100vw, 584px\" \/><\/a><p id=\"caption-attachment-1003\" class=\"wp-caption-text\"><strong>BABAMA KAVU\u015eMASINA AZ KALDI<\/strong><\/p><\/div>\n<p style=\"text-align: justify;\">G\u00f6zleri a\u00e7\u0131k giden anam en az\u0131ndan aram\u0131zdan ayr\u0131l\u0131\u015f\u0131ndan \u00fc\u00e7 g\u00fcn \u00f6nce helalli\u011fini alabilmi\u015f olmam ac\u0131m\u0131 bir az olsun azalt\u0131yor. Can\u0131m anam Ebedi istirahatg\u00e2h\u0131nda huzur bulursun. Biliyorum sen nereye gidersen git nerede olursan ol g\u00f6zlerin hep \u00fczerimizde olacak.<\/p>\n<div id=\"attachment_1004\" style=\"width: 594px\" class=\"wp-caption alignleft\"><a href=\"http:\/\/xn--bykadada-65ab.biz\/wp-content\/uploads\/2014\/12\/DSCF4414.jpg\"><img aria-describedby=\"caption-attachment-1004\" decoding=\"async\" loading=\"lazy\" class=\"size-large wp-image-1004\" alt=\"Arzu etti\u011fin gibi kavu\u015ftun \u015fekerine umar\u0131m mutlusundur\" src=\"http:\/\/xn--bykadada-65ab.biz\/wp-content\/uploads\/2014\/12\/DSCF4414-1024x768.jpg\" width=\"584\" height=\"438\" srcset=\"http:\/\/xn--bykadada-65ab.biz\/wp-content\/uploads\/2014\/12\/DSCF4414-1024x768.jpg 1024w, http:\/\/xn--bykadada-65ab.biz\/wp-content\/uploads\/2014\/12\/DSCF4414-300x225.jpg 300w, http:\/\/xn--bykadada-65ab.biz\/wp-content\/uploads\/2014\/12\/DSCF4414-400x300.jpg 400w\" sizes=\"(max-width: 584px) 100vw, 584px\" \/><\/a><p id=\"caption-attachment-1004\" class=\"wp-caption-text\">Arzu etti\u011fin gibi kavu\u015ftun \u015fekerine umar\u0131m mutlusundur<\/p><\/div>\n<p class=\"size-large wp-image-1004\">Benim de dualar\u0131m Babam ve seninle.18 y\u0131l aradan sonra \u00e7ok istedi\u011fin Babama kavu\u015ftun. Huzur i\u00e7inde \u0131\u015f\u0131klarla dinlenin. Nas\u0131l olsa g\u00fcn\u00fcn birinde bizlerde yan\u0131n\u0131za gelece\u011fiz.<\/p>\n<p style=\"text-align: justify;\">Mehmet Tevfik<\/p>\n<p style=\"text-align: justify;\">\n","protected":false},"excerpt":{"rendered":"<p>20 Aral\u0131k 2014 TK 2565 20,30 Dalaman \u0130stanbul Annemin son u\u00e7u\u015fundaki u\u00e7u\u015f numaras\u0131 ve saati. Asl\u0131nda geriye d\u00f6n\u00fcp bakt\u0131\u011f\u0131mda Annem t\u00fcm ya\u015fam\u0131nda bu son u\u00e7u\u015funun d\u0131\u015f\u0131nda \u00fc\u00e7 kere u\u00e7akla seyahat etmi\u015fti. U\u00e7ak ile ilk yolculu\u011fu, \u0130stanbul N\u00fcrnberg \u0130stanbul\u2019du. \u0130kinci u\u00e7u\u015fu &hellip; <a href=\"http:\/\/xn--bykadada-65ab.biz\/?p=998\">Okumaya devam et <span class=\"meta-nav\">&rarr;<\/span><\/a><\/p>\n","protected":false},"author":1,"featured_media":0,"comment_status":"open","ping_status":"closed","sticky":false,"template":"","format":"standard","meta":[],"categories":[19],"tags":[],"_links":{"self":[{"href":"http:\/\/xn--bykadada-65ab.biz\/index.php?rest_route=\/wp\/v2\/posts\/998"}],"collection":[{"href":"http:\/\/xn--bykadada-65ab.biz\/index.php?rest_route=\/wp\/v2\/posts"}],"about":[{"href":"http:\/\/xn--bykadada-65ab.biz\/index.php?rest_route=\/wp\/v2\/types\/post"}],"author":[{"embeddable":true,"href":"http:\/\/xn--bykadada-65ab.biz\/index.php?rest_route=\/wp\/v2\/users\/1"}],"replies":[{"embeddable":true,"href":"http:\/\/xn--bykadada-65ab.biz\/index.php?rest_route=%2Fwp%2Fv2%2Fcomments&post=998"}],"version-history":[{"count":6,"href":"http:\/\/xn--bykadada-65ab.biz\/index.php?rest_route=\/wp\/v2\/posts\/998\/revisions"}],"predecessor-version":[{"id":1006,"href":"http:\/\/xn--bykadada-65ab.biz\/index.php?rest_route=\/wp\/v2\/posts\/998\/revisions\/1006"}],"wp:attachment":[{"href":"http:\/\/xn--bykadada-65ab.biz\/index.php?rest_route=%2Fwp%2Fv2%2Fmedia&parent=998"}],"wp:term":[{"taxonomy":"category","embeddable":true,"href":"http:\/\/xn--bykadada-65ab.biz\/index.php?rest_route=%2Fwp%2Fv2%2Fcategories&post=998"},{"taxonomy":"post_tag","embeddable":true,"href":"http:\/\/xn--bykadada-65ab.biz\/index.php?rest_route=%2Fwp%2Fv2%2Ftags&post=998"}],"curies":[{"name":"wp","href":"https:\/\/api.w.org\/{rel}","templated":true}]}}