{"id":688,"date":"2012-03-06T19:40:14","date_gmt":"2012-03-06T18:40:14","guid":{"rendered":"http:\/\/xn--bykadada-65ab.biz\/?p=688"},"modified":"2016-01-22T21:33:43","modified_gmt":"2016-01-22T20:33:43","slug":"bir-fotograf-yorumu","status":"publish","type":"post","link":"http:\/\/xn--bykadada-65ab.biz\/?p=688","title":{"rendered":"Bir Fotograf yorumu"},"content":{"rendered":"<p style=\"text-align: justify;\"><strong>Ger\u00e7ekten g\u00fczel bir foto\u011fraf, mevsimlerden de yaz belli ki ve dozunda bir kalabal\u0131kla ya\u015f\u0131yor zaman\u0131 ada!<\/strong><img decoding=\"async\" loading=\"lazy\" class=\"alignleft  wp-image-689\" title=\"Nur\" alt=\"\" src=\"http:\/\/xn--bykadada-65ab.biz\/wp-content\/uploads\/2012\/03\/Nur.jpg\" width=\"151\" height=\"141\" srcset=\"http:\/\/xn--bykadada-65ab.biz\/wp-content\/uploads\/2012\/03\/Nur.jpg 350w, http:\/\/xn--bykadada-65ab.biz\/wp-content\/uploads\/2012\/03\/Nur-300x280.jpg 300w, http:\/\/xn--bykadada-65ab.biz\/wp-content\/uploads\/2012\/03\/Nur-321x300.jpg 321w\" sizes=\"(max-width: 151px) 100vw, 151px\" \/> Giyimlerden, arnavut kald\u0131r\u0131m\u0131 ya da parke ta\u015f\u0131 ( da derler ama paket ta\u015f\u0131) d\u00f6\u015fenmi\u015f iskele a\u011fz\u0131na (giri\u015fine) kadar \u00e7ok \u00f6zel g\u00f6r\u00fcn\u00fcme sahip bu foto\u011fraf ger\u00e7ekten m\u00fcrur-u zamana (ge\u00e7mi\u015f zamana) ait bir m\u00fchr-\u00fc zaman (zaman m\u00fchr\u00fc) gibidir! Zaten foto\u011fraflar, bir t\u00fcr an&#8217;a vurulan k\u0131rm\u0131z\u0131 m\u00fch\u00fcrlerdir ki; art\u0131k, o an&#8217;\u0131 de\u011fi\u015ftirmek m\u00fcmk\u00fcn olamaz! Bazen fantastik filmlerde bu m\u00fcmk\u00fcn gibi olsa da ger\u00e7ek olmad\u0131\u011f\u0131n\u0131 hepimiz \u00e7ok iyi biliyoruz!<img decoding=\"async\" loading=\"lazy\" class=\"alignright  wp-image-690\" title=\"Ada\" alt=\"\" src=\"http:\/\/xn--bykadada-65ab.biz\/wp-content\/uploads\/2012\/03\/Ada.jpg\" width=\"307\" height=\"228\" srcset=\"http:\/\/xn--bykadada-65ab.biz\/wp-content\/uploads\/2012\/03\/Ada.jpg 640w, http:\/\/xn--bykadada-65ab.biz\/wp-content\/uploads\/2012\/03\/Ada-300x222.jpg 300w, http:\/\/xn--bykadada-65ab.biz\/wp-content\/uploads\/2012\/03\/Ada-404x300.jpg 404w\" sizes=\"(max-width: 307px) 100vw, 307px\" \/><br \/>\nB\u00fcy\u00fcte\u00e7 alt\u0131na al\u0131p bakt\u0131\u011f\u0131m\u0131zda bu foto\u011frafta, g\u00f6recek \u00e7ok \u015fey var! Giyimler ve paket ta\u015flar\u0131n\u0131n d\u0131\u015f\u0131nda hemen farketti\u011fim; \u015fimdilerde madam Yvounne (ivon)&#8217;un kafesi olarak bildi\u011fim bu yerin, o zamanlar yoldan 2 basamak y\u00fcksekte olu\u015fu! Nedense hala \u00f6\u011frenemedi\u011fimiz bir\u015fey var ki bu asfalt d\u00f6k\u00fcm\u00fc! Bu y\u00fczden burada da g\u00f6r\u00fcld\u00fc\u011f\u00fc gibi, bir\u00e7ok yap\u0131n\u0131n penceresi bazen yoldan 1-2 kar\u0131\u015f y\u00fcksekte ya da yol hizas\u0131nda, kap\u0131lar ise yol seviyesinin alt\u0131nda! Asl\u0131nda adada da, yap\u0131ld\u0131\u011f\u0131ndaki hali, asfalt seviyesinin alt\u0131nda kalm\u0131\u015f pek\u00e7ok \u00f6rne\u011fe rastlayabiliriz!&#8230;<!--more--><br \/>\nGiyimler i\u00e7in s\u00f6ylenecek \u00e7ok \u015fey yok, ancak \u00f6zellikle kad\u0131n ve erkeklerin bug\u00fcn \u00e7ok rastlamad\u0131\u011f\u0131m\u0131z kadar \u015fapka kulland\u0131klar\u0131n\u0131 g\u00f6rebiliyoruz! Yine erkeklerin \u00e7o\u011funda, mevsim gere\u011fi beyaz ya da a\u00e7\u0131k renkli pantolonlar\u0131n giyilmi\u015f oldu\u011fu g\u00f6z\u00fcm\u00fcze \u00e7arp\u0131yor! Tabi o zamanlar, d\u00fcnyada mevsimler tam da, ilkokulda \u00f6\u011frendi\u011fimiz gibi 3\u2019er ayl\u0131k dilimlerle ve tan\u0131mlar\u0131na uygun ya\u015fan\u0131r ve insanlar da k\u0131l\u0131k k\u0131yafetlerinden yiyeceklerine kadar do\u011faya uygun ya\u015farlard\u0131(&#8230; Kimse, g\u00fcn\u00fcm\u00fczdeki gibi \u201cfukaran\u0131n d\u00fc\u015fk\u00fcn\u00fc, beyaz giyer k\u0131\u015f g\u00fcn\u00fc!\u201d ata s\u00f6z\u00fcne ters d\u00fc\u015fecek tarzda giyinip ortalarda g\u00f6r\u00fclmezdi:)<br \/>\nTabi foto\u011frafta yine, g\u00fcne\u015f \u0131\u015f\u0131nlar\u0131ndan sak\u0131nma amac\u0131yla icat edilmi\u015f ancak art\u0131k, daha \u00e7ok ya\u011fmurdan korunmak i\u00e7in kulan\u0131\u0131lan \u015femsiyelerin (g\u00fcne\u015flik), o y\u0131llarda; ad\u0131na ve ger\u00e7ek i\u015flevine uygun olarak, erkeklerin \u015fapkalar\u0131na kar\u015f\u0131 \u00f6zellikle han\u0131mlar taraf\u0131ndan kullan\u0131ld\u0131\u011f\u0131n\u0131 da g\u00f6rebiliyoruz!<img decoding=\"async\" loading=\"lazy\" class=\"alignleft size-medium wp-image-702\" title=\"Ada_01\" alt=\"\" src=\"http:\/\/xn--bykadada-65ab.biz\/wp-content\/uploads\/2012\/03\/Ada_01-300x193.jpg\" width=\"300\" height=\"193\" srcset=\"http:\/\/xn--bykadada-65ab.biz\/wp-content\/uploads\/2012\/03\/Ada_01-300x193.jpg 300w, http:\/\/xn--bykadada-65ab.biz\/wp-content\/uploads\/2012\/03\/Ada_01-465x300.jpg 465w, http:\/\/xn--bykadada-65ab.biz\/wp-content\/uploads\/2012\/03\/Ada_01.jpg 600w\" sizes=\"(max-width: 300px) 100vw, 300px\" \/><br \/>\nBurada g\u00f6r\u00fclen bir ba\u015fka \u00f6nemli \u015fey de; art\u0131k deniz kenar\u0131ndan, da\u011f ba\u015f\u0131na kadar her yerde kar\u015f\u0131m\u0131za \u00e7\u0131kan plastiklerin, yerini ald\u0131\u011f\u0131 ah\u015fap masa ve sandalyeler! Tabi, o ah\u015fap masalar\u0131 \u00f6rten muhtemelen de kar beyaz\u0131 masa \u00f6rt\u00fcleri! \u00dcstelik o zamanlarda leke tutmayan, dertsiz masa \u00f6rt\u00fcleri gibi, g\u00fcn\u00fcm\u00fcz\u00fcn her t\u00fcrl\u00fc lekeyle ba\u015fa \u00e7\u0131kabilen \u00e7e\u015fitli deterjanlar\u0131, leke gidericileri de yoktu! \u00c7ama\u015f\u0131r makineleri de, hen\u00fcz yerli \u00fcretim olmad\u0131\u011f\u0131 i\u00e7in yayg\u0131n de\u011fildi ve genellikle ev \u00e7ama\u015f\u0131rlar\u0131 gibi, bu \u00f6rt\u00fcler de elde y\u0131kan\u0131yor ama her zaman tertemiz olarak masalar\u0131n \u00fczerinde m\u00fcessesenin gelecek m\u00fc\u015fterilerini bekliyorlard\u0131&#8230;<br \/>\nSon olarak da ; burada (yani grup sayfas\u0131nda), arkadan arkadan yazd\u0131\u011f\u0131n\u0131 baz\u0131 arkada\u015flar\u0131n yorumlar\u0131ndan anlad\u0131\u011f\u0131m a\u011fabeyin, neden a\u00e7\u0131k kimli\u011fi ile ortaya \u00e7\u0131k\u0131p yorumlar\u0131n\u0131 herkesle payla\u015fmad\u0131\u011f\u0131n\u0131 da merak etti\u011fimi belirtmek istiyorum! Bir de acaba, bu yorumlar\u0131 g\u00f6remeyen yaln\u0131zca ben miyim ve e\u011fer \u00f6yleyse de yine bu a\u011fabeyimizin neden b\u00f6yle bir uygulama yapt\u0131\u011f\u0131n\u0131 da a\u00e7\u0131klamas\u0131n\u0131 rica ediyorum!<br \/>\nYine tabi t\u00fcm grup \u00fcyesi arkada\u015flar\u0131mdan , verdi\u011fim bu ge\u00e7ici rahats\u0131zl\u0131k i\u00e7in \u00f6z\u00fcr diliyor; beni, buraya kadar okuyabilme sabr\u0131 g\u00f6sterenlere ise te\u015fekk\u00fcr ediyor, sevgilerimi sunuyorum:)<\/p>\n<p style=\"text-align: justify;\">Nur \u00c7akmak<\/p>\n","protected":false},"excerpt":{"rendered":"<p>Ger\u00e7ekten g\u00fczel bir foto\u011fraf, mevsimlerden de yaz belli ki ve dozunda bir kalabal\u0131kla ya\u015f\u0131yor zaman\u0131 ada! Giyimlerden, arnavut kald\u0131r\u0131m\u0131 ya da parke ta\u015f\u0131 ( da derler ama paket ta\u015f\u0131) d\u00f6\u015fenmi\u015f iskele a\u011fz\u0131na (giri\u015fine) kadar \u00e7ok \u00f6zel g\u00f6r\u00fcn\u00fcme sahip bu foto\u011fraf &hellip; <a href=\"http:\/\/xn--bykadada-65ab.biz\/?p=688\">Okumaya devam et <span class=\"meta-nav\">&rarr;<\/span><\/a><\/p>\n","protected":false},"author":1,"featured_media":0,"comment_status":"open","ping_status":"closed","sticky":false,"template":"","format":"standard","meta":[],"categories":[28],"tags":[],"_links":{"self":[{"href":"http:\/\/xn--bykadada-65ab.biz\/index.php?rest_route=\/wp\/v2\/posts\/688"}],"collection":[{"href":"http:\/\/xn--bykadada-65ab.biz\/index.php?rest_route=\/wp\/v2\/posts"}],"about":[{"href":"http:\/\/xn--bykadada-65ab.biz\/index.php?rest_route=\/wp\/v2\/types\/post"}],"author":[{"embeddable":true,"href":"http:\/\/xn--bykadada-65ab.biz\/index.php?rest_route=\/wp\/v2\/users\/1"}],"replies":[{"embeddable":true,"href":"http:\/\/xn--bykadada-65ab.biz\/index.php?rest_route=%2Fwp%2Fv2%2Fcomments&post=688"}],"version-history":[{"count":7,"href":"http:\/\/xn--bykadada-65ab.biz\/index.php?rest_route=\/wp\/v2\/posts\/688\/revisions"}],"predecessor-version":[{"id":692,"href":"http:\/\/xn--bykadada-65ab.biz\/index.php?rest_route=\/wp\/v2\/posts\/688\/revisions\/692"}],"wp:attachment":[{"href":"http:\/\/xn--bykadada-65ab.biz\/index.php?rest_route=%2Fwp%2Fv2%2Fmedia&parent=688"}],"wp:term":[{"taxonomy":"category","embeddable":true,"href":"http:\/\/xn--bykadada-65ab.biz\/index.php?rest_route=%2Fwp%2Fv2%2Fcategories&post=688"},{"taxonomy":"post_tag","embeddable":true,"href":"http:\/\/xn--bykadada-65ab.biz\/index.php?rest_route=%2Fwp%2Fv2%2Ftags&post=688"}],"curies":[{"name":"wp","href":"https:\/\/api.w.org\/{rel}","templated":true}]}}