{"id":560,"date":"2012-01-06T04:39:55","date_gmt":"2012-01-06T03:39:55","guid":{"rendered":"http:\/\/xn--bykadada-65ab.biz\/?p=560"},"modified":"2023-03-22T14:40:33","modified_gmt":"2023-03-22T13:40:33","slug":"bu-sadece-bir-resim-degil","status":"publish","type":"post","link":"http:\/\/xn--bykadada-65ab.biz\/?p=560","title":{"rendered":"Bu sadece bir resim de\u011fil"},"content":{"rendered":"<p style=\"text-align: justify;\">\u0130nsanlar\u0131n daha g\u00fc\u00e7l\u00fc olabilmek i\u00e7in g\u00f6sterdikleri \u00e7abalar\u0131 izliyorum \u00e7evremde epey zamandan beri. Gayretlerin h\u0131rs haline geli\u015fine tan\u0131kl\u0131k ediyorum.<img decoding=\"async\" loading=\"lazy\" class=\"alignleft  wp-image-564\" title=\"0008\" src=\"http:\/\/xn--bykadada-65ab.biz\/wp-content\/uploads\/2012\/01\/0008.jpg\" alt=\"\" width=\"298\" height=\"198\" srcset=\"http:\/\/xn--bykadada-65ab.biz\/wp-content\/uploads\/2012\/01\/0008.jpg 621w, http:\/\/xn--bykadada-65ab.biz\/wp-content\/uploads\/2012\/01\/0008-300x200.jpg 300w, http:\/\/xn--bykadada-65ab.biz\/wp-content\/uploads\/2012\/01\/0008-450x300.jpg 450w\" sizes=\"(max-width: 298px) 100vw, 298px\" \/> Ama\u00e7lar\u0131na ula\u015fmak ad\u0131na satt\u0131klar\u0131 mutlulu\u011fun fark\u0131na varamayanlar\u0131n ko\u015fturmalar\u0131n\u0131\u00a0 g\u00fcnl\u00fck ya\u015fam\u0131n i\u00e7inde defalarca g\u00f6r\u00fcyor ve dikkatle izliyorum.<br \/>\nBazen yak\u0131nlar\u0131mdan, bazen dost diye sevdiklerimden, arkada\u015flar\u0131mdan neyi, ne ad\u0131na, neden yapt\u0131klar\u0131n\u0131n fark\u0131na varmadan; i\u00e7ine, d\u00fc\u015ft\u00fckleri tuza\u011f\u0131n\u2018da ne oldu\u011funun ayr\u0131m\u0131n\u0131 yapamadan, anlayamadan ya\u015fanm\u0131\u015f\u00a0\u00a0 korkutucu g\u00fcnleri sadece\u00a0 dinlemiyorum, y\u00fcrekten alg\u0131l\u0131yorum.<img decoding=\"async\" loading=\"lazy\" class=\"alignright  wp-image-562\" title=\"0009\" src=\"http:\/\/xn--bykadada-65ab.biz\/wp-content\/uploads\/2012\/01\/0009-187x300.jpg\" alt=\"\" width=\"131\" height=\"210\" srcset=\"http:\/\/xn--bykadada-65ab.biz\/wp-content\/uploads\/2012\/01\/0009-187x300.jpg 187w, http:\/\/xn--bykadada-65ab.biz\/wp-content\/uploads\/2012\/01\/0009.jpg 300w\" sizes=\"(max-width: 131px) 100vw, 131px\" \/><br \/>\nErkan arkada\u015f\u0131m taraf\u0131ndan 25 eyl\u00fclde Facebook\u2019a y\u00fckledi\u011fi resme bak\u0131yorum; bu sadece bir Resim\u2019mi? Yoksa ya\u015fam\u0131n kendisimi? Bu g\u00f6rd\u00fc\u011f\u00fcm\u00fcz Fotograf y\u00fcklendi\u011fi g\u00fcnden bu g\u00fcne kadar bir \u015feyler anlat\u0131yor asl\u0131nda. Bak\u0131yorum, yap\u0131lan\u00a0 yorumlar\u0131 okuyorum. Bir hi\u00e7 u\u011fruna g\u00f6\u00e7e zorlanm\u0131\u015f Stathakis Arvanitis; Babas\u0131n\u0131n d\u00fckkan\u0131n\u0131 tan\u0131yor resmi g\u00f6r\u00fcnce\u00a0 at\u0131n kafas\u0131n\u0131n oldu\u011fu k\u0131s\u0131mdaki d\u00fckkan Babam\u0131n d\u00fckkan\u0131yd\u0131\u00a0 23 Nisan cad. 10.<br \/>\nErkan; \u00e7ocuklu\u011fundan an\u0131msad\u0131klar\u0131yla kat\u0131l\u0131yor sohpete, ben o s\u0131ra&#8217;da d\u00fckkanlar aras\u0131nda dermanc\u0131 eczanesini ve t\u00fct\u00fcnc\u00fc d\u00fckkan\u0131n\u0131 hat\u0131rl\u0131yorum. Diye bir yorum getiriyor, Angela G\u00fcnberg; <img decoding=\"async\" loading=\"lazy\" class=\"alignleft size-thumbnail wp-image-573\" title=\"0010\" src=\"http:\/\/xn--bykadada-65ab.biz\/wp-content\/uploads\/2012\/01\/00101-150x150.jpg\" alt=\"\" width=\"150\" height=\"150\" \/>bu bilgileri\u00a0 Aleko Nikolaidisle payla\u015f\u0131yorum o s\u0131rada bay Yaninin t\u00fct\u00fcnc\u00fc d\u00fckkan\u0131 e\u015fi bayan Anna ile \u00e7al\u0131\u015f\u0131rd\u0131 Hristo ayakkab\u0131c\u0131, t\u00fct\u00fcnc\u00fc Yorgo \u00c7ala, Ankara Palas ilk \u00f6nce Petro \u00c7i\u00e7ovi\u00e7 sonra Vasil ve e\u015fi Madam Manya eczane Mehmet dermanc\u0131. Stathakis Arvanitis;\u00a0 tekrar yorum yaparken Rahmetli kahveci ali den bahis ediyor 5- 6-7 eyl\u00fcl olaylar\u0131nda ali&#8217;nin d\u00fckkanlar\u0131na bir T\u00fcrk bayra\u011f\u0131 asarak canlar\u0131n\u0131 nas\u0131l kurtard\u0131klar\u0131ndan s\u00f6z ediyor. Bense daha hala resme bak\u0131yorum; bakt\u0131k\u00e7a resme, okuduk\u00e7a yaz\u0131lanlar\u0131, utan\u0131yorum. Erkan dedesine ald\u0131\u011f\u0131 rak\u0131 fiyt\u0131n\u0131 bile unutmam\u0131\u015f Stathakis mutlu oluyor an\u0131lar\u0131n kesi\u015fti\u011fi kav\u015fakta.<!--more-->Erkan G\u00fcrp\u0131nar,<img decoding=\"async\" loading=\"lazy\" class=\"alignright  wp-image-571\" title=\"erkang\u00fcrpinar\" src=\"http:\/\/xn--bykadada-65ab.biz\/wp-content\/uploads\/2012\/01\/erkang\u00fcrpinar-253x300.png\" alt=\"\" width=\"152\" height=\"180\" srcset=\"http:\/\/xn--bykadada-65ab.biz\/wp-content\/uploads\/2012\/01\/erkang\u00fcrpinar-253x300.png 253w, http:\/\/xn--bykadada-65ab.biz\/wp-content\/uploads\/2012\/01\/erkang\u00fcrpinar.png 347w\" sizes=\"(max-width: 152px) 100vw, 152px\" \/> Nur \u00c7akmak,Sabi Menda, Angela G\u00fcnberg, Cevahir Karabulut, Stathakis Arvanitis, Bella Gershon k\u0131rk\u0131n \u00fczerinde yorum yap\u0131yorlar. Bense yorum yapmak yerine yazmay\u0131 tercih ediyorum yine her zaman&#8217;ki\u00a0 gibi bencilce.<br \/>\nYap\u0131lan yorumlar\u0131 okuduk\u00e7a ne kadar fakirle\u015fti\u011fimizi bir kez daha anl\u0131yorum.\u00a0 Her bak\u0131\u015f\u0131mda resme,her okuyu\u015fumda yap\u0131lan yorumlar\u0131 bir kere daha y\u00fcz\u00fcm k\u0131zar\u0131yor. 6-7 eyl\u00fcl\u2018\u00fc hayal mayal hat\u0131rl\u0131yorum \u00e7ocuktum; Hat\u0131rlad\u0131klar\u0131m ise \u00e7ocuksu \u015feyler. Okuduklar\u0131m\u00a0 ger\u00e7ekten,\u00a0 G\u00f6\u00e7e zorlanm\u0131\u015f dostlar\u0131m, arkada\u015flar\u0131m karde\u015flerim, bilirim hi\u00e7 bir yere s\u0131\u011famaman\u0131n, ne demek oldu\u011funu belkide bu g\u00fcnlerde daha iyi anl\u0131yorum neler hissetiklerini. Almanyaya ilk g\u00f6\u00e7 etti\u011fimde; yabanc\u0131 (Auslender) veya\u00a0 (kanak) derlerdi. \u00e7\u0131plak anlam\u0131nda, T\u00fcrkiyeye geldi\u011fimde ad\u0131m Almanc\u0131, 40 y\u0131l ge\u00e7irdim bu memlekette ad\u0131m daha hala yabanc\u0131. T\u00fcrkiyeye geldi\u011fimde ise Almanc\u0131! Bir \u0130srael seyyahatimde \u0130sraelde T\u00fcrkiyeden g\u00f6\u00e7 etmek zorunda b\u0131rak\u0131lm\u0131\u015f onlarca insan tan\u0131d\u0131m, Selanikte T\u00fcrkiyeden g\u00f6\u00e7 etmi\u015f Rum Karde\u015flerimle beraber oldum. Almanyada\u00a0 Ermeni, Rum, Jahudi, S\u00fcryani arkada\u015flar\u0131m oldu. Ayn\u0131 saflarda ay\u0131r\u0131mc\u0131l\u0131\u011fa kar\u015f\u0131 m\u00fccadele verdi\u011fimiz. Belkide ya\u015fad\u0131\u011f\u0131m Gurundig Fabrikas\u0131n\u0131n Lojmanlar\u0131 bin metre karelik B\u00fcy\u00fckadayd\u0131. Ge\u00e7enlerde Palay\u0131 kaybettik Topra\u011f\u0131 bol tanr\u0131n\u0131n rahmeti \u00fczerine olsun. D\u00f6rt dinde defnettik arkada\u015f\u0131m\u0131z\u0131, Ortodoks, Katolik , Protestan, ve \u0130slam bu pala&#8217;n\u0131n vasiyetiydi. Nurlar i\u00e7inde yats\u0131n.<br \/>\nBu arada akl\u0131ma d\u00fc\u015f\u00fcyor Stati\u2019nin bir sorusu, Efe k\u0131yafetlerimi payla\u015ft\u0131\u011f\u0131m arkada\u015f\u0131m Nikos katakouzinos 1959 da Rum mektebinde Zeybek oynam\u0131\u015ft\u0131.<img decoding=\"async\" loading=\"lazy\" class=\"size-thumbnail wp-image-575 alignleft\" title=\"0011\" src=\"http:\/\/xn--bykadada-65ab.biz\/wp-content\/uploads\/2012\/01\/0011-150x150.jpg\" alt=\"\" width=\"150\" height=\"150\" srcset=\"http:\/\/xn--bykadada-65ab.biz\/wp-content\/uploads\/2012\/01\/0011-150x150.jpg 150w, http:\/\/xn--bykadada-65ab.biz\/wp-content\/uploads\/2012\/01\/0011.jpg 200w\" sizes=\"(max-width: 150px) 100vw, 150px\" \/><br \/>\nSabi araya giriyor herhalde biraz olsun teselli etmek i\u00e7in; stati sevgin ve benli\u011fin burda kalm\u0131\u015f anla\u015f\u0131lan \u015fu anda nerede olursan ol bak yine aram\u0131zdas\u0131n.<br \/>\nAngela ve Stati ge\u00e7mi\u015fin \u00f6zleminde bulu\u015fuyorlar. Stati nin kaleminden d\u00f6k\u00fclenleri aynen aktarmak istiyorum!<br \/>\nAngelaki can\u0131m ne fena uzaktan bunlar\u0131 konu\u015fmak, evinin \u00e7ok uza\u011f\u0131nda ya\u015famak. Neyse benim bir travma ya\u015fad\u0131\u011f\u0131m\u0131 biliyorsun evim orada, harika yerde ve orada ya\u015fayam\u0131yorum.\u00a0 Neyse !!!!!!\u00a0\u00a0 Babam\u0131n d\u00fckan\u0131\u2018n\u0131 bile bu fotografta g\u00f6r\u00fcnce g\u00f6zlerim g\u00f6zya\u015f\u0131 doluyor. Ne yapay\u0131m her sene orada geldi\u011fimi . Ne yapay\u0131m iki son belediye ba\u015fkan\u0131 ile arkada\u015f oldu\u011fumu. Ne yapay\u0131m oradaki m\u00fcze i\u00e7in kendimi ko\u015fturdu\u011fumu.<br \/>\nAhhhhh aggela can\u0131m b\u00fct\u00fcn ailen ile ve \u00e7ocukluk arkada\u015flar\u0131m abilerin Andon ve Haralambos sen bilirsin hisetiklerimi. Eskiden andon ve tana\u015f karde\u015fler i\u015fletiyordu onu. B\u00fcy\u00fckada\u2018da ilk italyadan dondurma makinesi ile dondurma yapan adal\u0131yd\u0131 ikisi.<br \/>\n1964 yunannistana geldiler ve atinada fokionos negri meydan\u0131nda prinkipo ad\u0131nda piyanolu \u00e7ok g\u00fczel bir restoran a\u00e7t\u0131lar. \u00c7ok sene sonra andon kolonakide bir l\u00fcks pahal\u0131 restoran a\u00e7t\u0131, gerofinikas ad\u0131yla ve thanas pringipo restoran\u0131n oldugu binada \u00f6nce Poga\u00e7a satan bir f\u0131r\u0131n ve sonra bir video clup \u00f6lunceye kadar i\u015fletmi\u015f . \u015eimdi\u00a0 ikisi de vefat etti art\u0131k hayata de\u011filer. Onlar\u0131n abilerinin k\u0131z\u0131 Meri Razi Yunanistanda \u00e7ok \u00fcnl\u00fc tiyatro artistidir.<img decoding=\"async\" loading=\"lazy\" class=\"alignright size-thumbnail wp-image-385\" title=\"Nurbaysal\" src=\"http:\/\/xn--bykadada-65ab.biz\/wp-content\/uploads\/2011\/10\/Nurbaysal-150x150.png\" alt=\"\" width=\"150\" height=\"150\" \/><br \/>\nB\u00fct\u00fcn bu tan\u0131lamalar, anlat\u0131mlar, duygular\u0131n u\u00e7 noktalarda bulu\u015fmas\u0131yd\u0131. sanki. Belki g\u00fcn\u00fcn birinde, paralel bir d\u00fcnyada bir arada ayr\u0131lmadan ya\u015fayabimek umudumu hi\u00e7 yitirmedim.<br \/>\nBella Gershon\u2019un anlat\u0131mlar\u0131n\u0131 sona saklad\u0131m.Umar\u0131m can dostlar\u0131m yay\u0131nlad\u0131\u011f\u0131m bu yaz\u0131dan,anlat\u0131mlardan dolay\u0131 beni yarg\u0131lamazs\u0131n\u0131z. Asl\u0131nda her bir dostumun, arkada\u015f\u0131m\u0131n\u00a0 hat\u0131ralar\u0131n\u0131, duygular\u0131n\u0131, bizler i\u00e7in\u00a0 haz\u0131rlad\u0131\u011f\u0131m bu sayfada <strong>www.b\u00fcy\u00fckadada.biz<\/strong> bulu\u015fturmalar\u0131n\u0131 isterdim. Anlatt\u0131k\u00e7a, yazd\u0131k\u00e7a aram\u0131zdaki mesafeler k\u0131salacak, an\u0131lar\u0131m\u0131zda kalm\u0131\u015f olan, sevgi yuma\u011f\u0131nda bulu\u015fturup tekrar bir araya getirecekti bizleri.<br \/>\n<strong>Bella k\u0131sa,k\u0131sa \u015f\u00f6yle tan\u0131ml\u0131yor B\u00fcy\u00fckada g\u00fcnlerini;<\/strong><img decoding=\"async\" loading=\"lazy\" class=\"size-thumbnail wp-image-580 alignleft\" title=\"0012\" src=\"http:\/\/xn--bykadada-65ab.biz\/wp-content\/uploads\/2012\/01\/0012-150x150.jpg\" alt=\"\" width=\"150\" height=\"150\" \/><br \/>\n1958 senesine kadar \u00f6nceleri\u00a0 Lidoda, daha sonra 1962 senesine kadar Ankara Palas otelinde kald\u0131k. Krem karameli \u00e7ok severdim bana nas\u0131l yapaca\u011f\u0131m\u0131 Vassili \u00f6\u011fretti. Ufakl\u0131\u011f\u0131mdan beri ayn\u0131 odalar\u0131 kiralard\u0131k. Babam\u0131n gelece\u011fi vapuru balkondan izler, yana\u015f\u0131nca iskeleye inerdim. \u0130skele kaynard\u0131 kalabal\u0131ktan, gen\u00e7ler en \u015f\u0131k elbiselerini giyer tur at\u0131p g\u00f6steri\u015f yapard\u0131k. Daha sonralar\u0131\u00a0 Splendid, Akasya, Sumer ve en sonunda\u2018da \u00c7ankaya otelinde kald\u0131k. Sezon d\u0131\u015f\u0131nda geldi\u011fimizde madende Villa r\u0131fatta kal\u0131rd\u0131k, Yani hepsini ailece dola\u015ft\u0131k desem yalan s\u00f6ylememi\u015f olurum.<br \/>\nHepsinde ayr\u0131 ayr\u0131 hat\u0131ralar\u0131m vard\u0131r .Unutulmaz g\u00fczel hat\u0131ralar, Golf, Yekta, De\u011firmen, Anadolu klub\u00fc Ada turlar\u0131, motor sefalari;\u00a0 Kaymakaml\u0131kta zorla ald\u0131\u011f\u0131m\u0131z a\u015f\u0131lar. O zamanlar yat alacak kadar pek zengin yoktu, yatlar, \u00e7ok azd\u0131 baz\u0131 arkada\u015flar\u0131n ufak tekneleri olur Sedef adas\u0131na, Bostanc\u0131ya giderdik. \u00c7ok ufakl\u0131\u011f\u0131mda Ada vapurlar\u0131 yandan \u00e7arkl\u0131yd\u0131. D\u0131\u015far\u0131da oturan k\u00f6m\u00fcre bulan\u0131rd\u0131. Sonralar\u0131 zamanla Pa\u015fabah\u00e7e, Dolmabah\u00e7e, Fenerbah\u00e7e, zamanla daha bir\u00e7oklar\u0131 eklendi.Gecenin ikisinde s\u0131rf k\u0131zlar dola\u015f\u0131r ve korku yoktu. Aysel, Tanju (Orental) dans\u0131n sembol\u00fcyd\u00fc, \u00e7o\u011fu romantik filmler Belgin Doruk,G\u00f6ksel Arsoy, Ada\u2019da \u00e7ekilirdi.\u00c7ekime geldiklerinde imza av\u0131na \u00e7\u0131kard\u0131k. Evlerin \u00e7o\u011fu ah\u015fapt\u0131.Hafta sonu Rum k\u0131zlar\u0131 kumsalda Bigudilerini takar ak\u015fam dansa gitmek i\u00e7in haz\u0131rlan\u0131rlard\u0131.B\u00fct\u00fcn Ada\u2019da bir veya iki berber vard\u0131, b\u00f6yle \u015feyleri o zaman kimse takmazd\u0131.Giyim her zaman kaliteliydi.Ya\u015fl\u0131ca beyler has\u0131r \u015fapka takarlard\u0131.\u0130skeleye vapura ko\u015farak indiklerinde r\u00fczgardan u\u00e7an \u015fapkalar\u0131n\u0131n pe\u015finden ko\u015far, bizleri kat\u0131la kat\u0131la g\u00fcld\u00fcr\u00fcrlerdi. B\u00fct\u00fcn vapurlar\u0131 da ufak motoruyla kar\u015f\u0131layan bir bey vard\u0131.\u00c7e\u015fitli fig\u00fcrler cambazl\u0131klar yapar herkesin dikkatini \u00e7ekerdi.\u00c7ok sonra deniz\u00a0 otob\u00fcslerine ge\u00e7ti,geldi\u011fimde onu g\u00f6r\u00fcnce \u00e7ok sevindim. Ma\u015fallah gayet din\u00e7ti,daha say\u0131s\u0131z hat\u0131ralar\u0131m var,\u015eimdilik bu kadar\u00a0 hepinize iyi geceler. K\u0131sa ve \u00f6z olarak an\u0131lar\u0131ndan bir demet sunan Bella ya sonsuz te\u015fekk\u00fcrlerimi sunar\u0131m. Umar\u0131m bir \u00e7ok arkada\u015f\u0131m\u0131z k\u0131sa da olsa an\u0131lar\u0131n\u0131 yazarak ta\u00e7land\u0131r\u0131rlar sayfam\u0131z\u0131.<\/p>\n<p style=\"text-align: justify;\">Derleyen<\/p>\n<p style=\"text-align: justify;\">Memo\u015f<\/p>\n","protected":false},"excerpt":{"rendered":"<p>\u0130nsanlar\u0131n daha g\u00fc\u00e7l\u00fc olabilmek i\u00e7in g\u00f6sterdikleri \u00e7abalar\u0131 izliyorum \u00e7evremde epey zamandan beri. Gayretlerin h\u0131rs haline geli\u015fine tan\u0131kl\u0131k ediyorum. Ama\u00e7lar\u0131na ula\u015fmak ad\u0131na satt\u0131klar\u0131 mutlulu\u011fun fark\u0131na varamayanlar\u0131n ko\u015fturmalar\u0131n\u0131\u00a0 g\u00fcnl\u00fck ya\u015fam\u0131n i\u00e7inde defalarca g\u00f6r\u00fcyor ve dikkatle izliyorum. Bazen yak\u0131nlar\u0131mdan, bazen dost diye sevdiklerimden, &hellip; <a href=\"http:\/\/xn--bykadada-65ab.biz\/?p=560\">Okumaya devam et <span class=\"meta-nav\">&rarr;<\/span><\/a><\/p>\n","protected":false},"author":1,"featured_media":0,"comment_status":"open","ping_status":"closed","sticky":false,"template":"","format":"standard","meta":[],"categories":[28],"tags":[],"_links":{"self":[{"href":"http:\/\/xn--bykadada-65ab.biz\/index.php?rest_route=\/wp\/v2\/posts\/560"}],"collection":[{"href":"http:\/\/xn--bykadada-65ab.biz\/index.php?rest_route=\/wp\/v2\/posts"}],"about":[{"href":"http:\/\/xn--bykadada-65ab.biz\/index.php?rest_route=\/wp\/v2\/types\/post"}],"author":[{"embeddable":true,"href":"http:\/\/xn--bykadada-65ab.biz\/index.php?rest_route=\/wp\/v2\/users\/1"}],"replies":[{"embeddable":true,"href":"http:\/\/xn--bykadada-65ab.biz\/index.php?rest_route=%2Fwp%2Fv2%2Fcomments&post=560"}],"version-history":[{"count":23,"href":"http:\/\/xn--bykadada-65ab.biz\/index.php?rest_route=\/wp\/v2\/posts\/560\/revisions"}],"predecessor-version":[{"id":1183,"href":"http:\/\/xn--bykadada-65ab.biz\/index.php?rest_route=\/wp\/v2\/posts\/560\/revisions\/1183"}],"wp:attachment":[{"href":"http:\/\/xn--bykadada-65ab.biz\/index.php?rest_route=%2Fwp%2Fv2%2Fmedia&parent=560"}],"wp:term":[{"taxonomy":"category","embeddable":true,"href":"http:\/\/xn--bykadada-65ab.biz\/index.php?rest_route=%2Fwp%2Fv2%2Fcategories&post=560"},{"taxonomy":"post_tag","embeddable":true,"href":"http:\/\/xn--bykadada-65ab.biz\/index.php?rest_route=%2Fwp%2Fv2%2Ftags&post=560"}],"curies":[{"name":"wp","href":"https:\/\/api.w.org\/{rel}","templated":true}]}}